{"id":630,"date":"2016-02-28T15:35:05","date_gmt":"2016-02-28T14:35:05","guid":{"rendered":"http:\/\/sanbartolomeysanjaime.es\/?p=630"},"modified":"2016-02-28T15:50:49","modified_gmt":"2016-02-28T14:50:49","slug":"respeta-mi-fe","status":"publish","type":"post","link":"http:\/\/sanbartolomeysanjaime.es\/index.php\/2016\/02\/28\/respeta-mi-fe\/","title":{"rendered":"Respeta mi Fe"},"content":{"rendered":"<h3>\u00abNo se puede provocar, no se puede insultar la fe de los dem\u00e1s\u00bb<\/h3>\n<p>Papa Francisco<\/p>\n<p>&nbsp;<\/p>\n<p>En pro de la \u201clibertad de expresi\u00f3n\u201d se cree todo permitido, pero eso s\u00ed con la ley del embudo. Capacidad de \u201clibertad de expresi\u00f3n\u201d tenemos todos, ejercerla bien o mal no depende de la fe, sino de la educaci\u00f3n. La libertad de expresi\u00f3n, como todo derecho, tiene el limite del derecho de los dem\u00e1s. Es curioso que s\u00f3lo se metan con los cristianos \u00bfdespu\u00e9s se har\u00e1 lo mismo con los musulmanes? No, la Parroquia eso no lo apoyar\u00eda, pero re\u00edrse de los cristianos sale gratis. Debemos garantizar la libertad religiosa, que va m\u00e1s all\u00e1 de la tolerancia, y presupone el respeto. Lo cristiano es el perd\u00f3n, la petici\u00f3n y la reparaci\u00f3n. No sabemos odiar. Por ese motivo los cristianos el s\u00e1bado 5 de marzo a las 18.30 rezaremos el Santo Rosario y a las 19.00 h vamos a participar de la Santa Misa como cada s\u00e1bado, en la cual pediremos por los que se r\u00eden de nosotros, y ofreceremos reparaci\u00f3n por la falta de respeto y blasfemias.<\/p>\n<p>No vamos a protestar en la Misa, sino a celebrar la fe. No se preocupen, re\u00edrse de los cristianos no s\u00f3lo sale gratis, sino que adem\u00e1s ganas oraciones.<\/p>\n<p>&nbsp;<\/p>\n<p>&nbsp;<\/p>\n<p><a href=\"http:\/\/sanbartolomeysanjaime.es\/wp-content\/uploads\/2016\/02\/diocesis-segorbe-castellon-parroquia-nules.jpg\"><img loading=\"lazy\" decoding=\"async\" class=\"size-full wp-image-631 alignleft\" src=\"http:\/\/sanbartolomeysanjaime.es\/wp-content\/uploads\/2016\/02\/diocesis-segorbe-castellon-parroquia-nules.jpg\" alt=\"diocesis segorbe castellon parroquia nules\" width=\"260\" height=\"260\" srcset=\"http:\/\/sanbartolomeysanjaime.es\/wp-content\/uploads\/2016\/02\/diocesis-segorbe-castellon-parroquia-nules.jpg 260w, http:\/\/sanbartolomeysanjaime.es\/wp-content\/uploads\/2016\/02\/diocesis-segorbe-castellon-parroquia-nules-150x150.jpg 150w\" sizes=\"(max-width: 260px) 100vw, 260px\" \/><\/a><\/p>\n","protected":false},"excerpt":{"rendered":"<p>\u00abNo se puede provocar, no se puede insultar la fe de los dem\u00e1s\u00bb Papa Francisco &nbsp; En pro de la \u201clibertad de expresi\u00f3n\u201d se cree todo permitido, pero eso s\u00ed con la<a class=\"moretag\" href=\"http:\/\/sanbartolomeysanjaime.es\/index.php\/2016\/02\/28\/respeta-mi-fe\/\">Leer m\u00e1s&#8230;<\/a><\/p>\n","protected":false},"author":1,"featured_media":0,"comment_status":"closed","ping_status":"closed","sticky":false,"template":"","format":"standard","meta":{"footnotes":""},"categories":[3],"tags":[],"_links":{"self":[{"href":"http:\/\/sanbartolomeysanjaime.es\/index.php\/wp-json\/wp\/v2\/posts\/630"}],"collection":[{"href":"http:\/\/sanbartolomeysanjaime.es\/index.php\/wp-json\/wp\/v2\/posts"}],"about":[{"href":"http:\/\/sanbartolomeysanjaime.es\/index.php\/wp-json\/wp\/v2\/types\/post"}],"author":[{"embeddable":true,"href":"http:\/\/sanbartolomeysanjaime.es\/index.php\/wp-json\/wp\/v2\/users\/1"}],"replies":[{"embeddable":true,"href":"http:\/\/sanbartolomeysanjaime.es\/index.php\/wp-json\/wp\/v2\/comments?post=630"}],"version-history":[{"count":2,"href":"http:\/\/sanbartolomeysanjaime.es\/index.php\/wp-json\/wp\/v2\/posts\/630\/revisions"}],"predecessor-version":[{"id":634,"href":"http:\/\/sanbartolomeysanjaime.es\/index.php\/wp-json\/wp\/v2\/posts\/630\/revisions\/634"}],"wp:attachment":[{"href":"http:\/\/sanbartolomeysanjaime.es\/index.php\/wp-json\/wp\/v2\/media?parent=630"}],"wp:term":[{"taxonomy":"category","embeddable":true,"href":"http:\/\/sanbartolomeysanjaime.es\/index.php\/wp-json\/wp\/v2\/categories?post=630"},{"taxonomy":"post_tag","embeddable":true,"href":"http:\/\/sanbartolomeysanjaime.es\/index.php\/wp-json\/wp\/v2\/tags?post=630"}],"curies":[{"name":"wp","href":"https:\/\/api.w.org\/{rel}","templated":true}]}}