{"id":662,"date":"2016-03-11T09:38:06","date_gmt":"2016-03-11T08:38:06","guid":{"rendered":"http:\/\/sanbartolomeysanjaime.es\/?p=662"},"modified":"2016-03-11T09:39:07","modified_gmt":"2016-03-11T08:39:07","slug":"domingo-de-ramos-orden-procesional","status":"publish","type":"post","link":"http:\/\/sanbartolomeysanjaime.es\/index.php\/2016\/03\/11\/domingo-de-ramos-orden-procesional\/","title":{"rendered":"DOMINGO DE RAMOS. ORDEN PROCESIONAL"},"content":{"rendered":"<p>La bendici\u00f3n de los ramos tendr\u00e1 lugar en la Inmaculada a las 10.30 h. La procesi\u00f3n por la calle mayor hasta la Arciprestal. Los ni\u00f1os continuaran hasta el Convento.<\/p>\n<p>Esta es la \u00fanica procesi\u00f3n que el sacerdote va delante.<\/p>\n<p>1. Cruz ;<\/p>\n<p>2. Sacerdotes\u00a0\u00a0 ;<\/p>\n<p>3. Autoridades ;<\/p>\n<p>4. Comunidades ;<\/p>\n<p>5. Paso de Jes\u00fas en la entrada a Jerusal\u00e9n;<\/p>\n<p>6. Ni\u00f1os\u00a0 ;\u00a0 Dejar por favor, espacio para los ni\u00f1os. Los adultos ponerse detr\u00e1s de los ni\u00f1os, por favor. Gracias<\/p>\n<p>7. Pueblo<\/p>\n","protected":false},"excerpt":{"rendered":"<p>La bendici\u00f3n de los ramos tendr\u00e1 lugar en la Inmaculada a las 10.30 h. La procesi\u00f3n por la calle mayor hasta la Arciprestal. Los ni\u00f1os continuaran hasta el Convento. Esta es la<a class=\"moretag\" href=\"http:\/\/sanbartolomeysanjaime.es\/index.php\/2016\/03\/11\/domingo-de-ramos-orden-procesional\/\">Leer m\u00e1s&#8230;<\/a><\/p>\n","protected":false},"author":1,"featured_media":0,"comment_status":"closed","ping_status":"closed","sticky":false,"template":"","format":"standard","meta":{"footnotes":""},"categories":[3],"tags":[],"_links":{"self":[{"href":"http:\/\/sanbartolomeysanjaime.es\/index.php\/wp-json\/wp\/v2\/posts\/662"}],"collection":[{"href":"http:\/\/sanbartolomeysanjaime.es\/index.php\/wp-json\/wp\/v2\/posts"}],"about":[{"href":"http:\/\/sanbartolomeysanjaime.es\/index.php\/wp-json\/wp\/v2\/types\/post"}],"author":[{"embeddable":true,"href":"http:\/\/sanbartolomeysanjaime.es\/index.php\/wp-json\/wp\/v2\/users\/1"}],"replies":[{"embeddable":true,"href":"http:\/\/sanbartolomeysanjaime.es\/index.php\/wp-json\/wp\/v2\/comments?post=662"}],"version-history":[{"count":1,"href":"http:\/\/sanbartolomeysanjaime.es\/index.php\/wp-json\/wp\/v2\/posts\/662\/revisions"}],"predecessor-version":[{"id":663,"href":"http:\/\/sanbartolomeysanjaime.es\/index.php\/wp-json\/wp\/v2\/posts\/662\/revisions\/663"}],"wp:attachment":[{"href":"http:\/\/sanbartolomeysanjaime.es\/index.php\/wp-json\/wp\/v2\/media?parent=662"}],"wp:term":[{"taxonomy":"category","embeddable":true,"href":"http:\/\/sanbartolomeysanjaime.es\/index.php\/wp-json\/wp\/v2\/categories?post=662"},{"taxonomy":"post_tag","embeddable":true,"href":"http:\/\/sanbartolomeysanjaime.es\/index.php\/wp-json\/wp\/v2\/tags?post=662"}],"curies":[{"name":"wp","href":"https:\/\/api.w.org\/{rel}","templated":true}]}}