{"id":664,"date":"2016-03-11T09:41:03","date_gmt":"2016-03-11T08:41:03","guid":{"rendered":"http:\/\/sanbartolomeysanjaime.es\/?p=664"},"modified":"2016-03-11T09:41:03","modified_gmt":"2016-03-11T08:41:03","slug":"comunion-de-los-enfermos","status":"publish","type":"post","link":"http:\/\/sanbartolomeysanjaime.es\/index.php\/2016\/03\/11\/comunion-de-los-enfermos\/","title":{"rendered":"COMUNI\u00d3N DE LOS ENFERMOS"},"content":{"rendered":"<p>El domingo siguiente a las Camareras es un d\u00eda grande pues acompa\u00f1amos de forma solemne la Comuni\u00f3n a los enfermos.<\/p>\n<p>Agradecemos su organizaci\u00f3n a la Cofrad\u00eda del Nostre Senyor, e invitamos a participar a todas las dem\u00e1s y todo el pueblo.<\/p>\n<p>Invitamos a los vecinos a engalanar la calle, pues es el Se\u00f1or que pasa. Dentro de la casa preparar un mantel precioso para el Se\u00f1or, una luz, algunas plantas o flores\u2026<br \/>\nNecesitamos saber con tiempo las casas de los enfermos. As\u00ed pues, por favor, agradecemos nos vayan comunicando, ya que hemos de pedir autorizaci\u00f3n del itinerario a recorrer.<\/p>\n","protected":false},"excerpt":{"rendered":"<p>El domingo siguiente a las Camareras es un d\u00eda grande pues acompa\u00f1amos de forma solemne la Comuni\u00f3n a los enfermos. Agradecemos su organizaci\u00f3n a la Cofrad\u00eda del Nostre Senyor, e invitamos a<a class=\"moretag\" href=\"http:\/\/sanbartolomeysanjaime.es\/index.php\/2016\/03\/11\/comunion-de-los-enfermos\/\">Leer m\u00e1s&#8230;<\/a><\/p>\n","protected":false},"author":1,"featured_media":0,"comment_status":"closed","ping_status":"closed","sticky":false,"template":"","format":"standard","meta":{"footnotes":""},"categories":[3],"tags":[],"_links":{"self":[{"href":"http:\/\/sanbartolomeysanjaime.es\/index.php\/wp-json\/wp\/v2\/posts\/664"}],"collection":[{"href":"http:\/\/sanbartolomeysanjaime.es\/index.php\/wp-json\/wp\/v2\/posts"}],"about":[{"href":"http:\/\/sanbartolomeysanjaime.es\/index.php\/wp-json\/wp\/v2\/types\/post"}],"author":[{"embeddable":true,"href":"http:\/\/sanbartolomeysanjaime.es\/index.php\/wp-json\/wp\/v2\/users\/1"}],"replies":[{"embeddable":true,"href":"http:\/\/sanbartolomeysanjaime.es\/index.php\/wp-json\/wp\/v2\/comments?post=664"}],"version-history":[{"count":1,"href":"http:\/\/sanbartolomeysanjaime.es\/index.php\/wp-json\/wp\/v2\/posts\/664\/revisions"}],"predecessor-version":[{"id":665,"href":"http:\/\/sanbartolomeysanjaime.es\/index.php\/wp-json\/wp\/v2\/posts\/664\/revisions\/665"}],"wp:attachment":[{"href":"http:\/\/sanbartolomeysanjaime.es\/index.php\/wp-json\/wp\/v2\/media?parent=664"}],"wp:term":[{"taxonomy":"category","embeddable":true,"href":"http:\/\/sanbartolomeysanjaime.es\/index.php\/wp-json\/wp\/v2\/categories?post=664"},{"taxonomy":"post_tag","embeddable":true,"href":"http:\/\/sanbartolomeysanjaime.es\/index.php\/wp-json\/wp\/v2\/tags?post=664"}],"curies":[{"name":"wp","href":"https:\/\/api.w.org\/{rel}","templated":true}]}}