{"id":692,"date":"2016-03-29T12:42:26","date_gmt":"2016-03-29T10:42:26","guid":{"rendered":"http:\/\/sanbartolomeysanjaime.es\/?p=692"},"modified":"2016-09-10T14:25:07","modified_gmt":"2016-09-10T12:25:07","slug":"i-cicle-de-musica-sacra-per-a-a-orgue","status":"publish","type":"post","link":"http:\/\/sanbartolomeysanjaime.es\/index.php\/2016\/03\/29\/i-cicle-de-musica-sacra-per-a-a-orgue\/","title":{"rendered":"I CICLE DE M\u00daSICA SACRA PER A A ORGUE"},"content":{"rendered":"<p>Desde la asociaci\u00f3n \u201cl\u2019orgue, la veu del cel\u201d se pretende recuperar el sonido del rey de los instrumentos que tantas veces acompa\u00f1o la vida de nuestra parroquia y ayudo a crear el ambiento lit\u00fargico y de oraci\u00f3n, siendo conscientes que no es un instrumento mas, sino nuestra historia que fue arrebatada y ahora con el esfuerzo de esta asociaci\u00f3n pretendemos devolver su sonido y en futuro el instrumento.<\/p>\n<p>Los conciertos ser\u00e1n a las 20h en el Templo Parroquial<\/p>\n<p><strong>Dijous 7 &#8211; \u00abAve Maris\u00bb<\/strong><\/p>\n<p>Jos\u00e9 Lucas: Bariton<\/p>\n<p>Vicent Flich: orgue<\/p>\n<p><strong>Divendres 8 &#8211; \u00abEl estilo concertante\u00bb<\/strong><\/p>\n<p>Sergio L\u00f3pez: oboe<\/p>\n<p>Miguel \u00c1ngel S\u00e1ez: Contrabaix<\/p>\n<p>Vicent Flich: Orgue<\/p>\n<p><strong>Dissabte 9 &#8211; \u00abGarc\u00eda Julbe y su \u00e9poca\u00bb<\/strong><\/p>\n<p>Grup de veus \u00abMusica Viva\u00bb<\/p>\n<p>Vicent Flich: orgue<\/p>\n<p>Miguel \u00c1ngel Mart\u00ednez: director<\/p>\n<p><strong>Diumenge 10 \u00abH\u00e4endel, El Mesias\u00bb<\/strong><\/p>\n<p>Orquestra i Cor del Grup de veus \u00abMusica Viva\u00bb<\/p>\n<p>Miguel \u00c1ngel Mart\u00ednez: director<\/p>\n<p>&nbsp;<\/p>\n<p><img loading=\"lazy\" decoding=\"async\" class=\"aligncenter size-full wp-image-700\" src=\"http:\/\/sanbartolomeysanjaime.es\/wp-content\/uploads\/2016\/03\/IMG-20160407-WA0002.jpg\" alt=\"IMG-20160407-WA0002\" width=\"1599\" height=\"1131\" srcset=\"http:\/\/sanbartolomeysanjaime.es\/wp-content\/uploads\/2016\/03\/IMG-20160407-WA0002.jpg 1599w, http:\/\/sanbartolomeysanjaime.es\/wp-content\/uploads\/2016\/03\/IMG-20160407-WA0002-300x212.jpg 300w, http:\/\/sanbartolomeysanjaime.es\/wp-content\/uploads\/2016\/03\/IMG-20160407-WA0002-768x543.jpg 768w, http:\/\/sanbartolomeysanjaime.es\/wp-content\/uploads\/2016\/03\/IMG-20160407-WA0002-1024x724.jpg 1024w\" sizes=\"(max-width: 1599px) 100vw, 1599px\" \/> <img loading=\"lazy\" decoding=\"async\" class=\"aligncenter size-full wp-image-701\" src=\"http:\/\/sanbartolomeysanjaime.es\/wp-content\/uploads\/2016\/03\/IMG-20160407-WA0003.jpg\" alt=\"IMG-20160407-WA0003\" width=\"1599\" height=\"1131\" srcset=\"http:\/\/sanbartolomeysanjaime.es\/wp-content\/uploads\/2016\/03\/IMG-20160407-WA0003.jpg 1599w, http:\/\/sanbartolomeysanjaime.es\/wp-content\/uploads\/2016\/03\/IMG-20160407-WA0003-300x212.jpg 300w, http:\/\/sanbartolomeysanjaime.es\/wp-content\/uploads\/2016\/03\/IMG-20160407-WA0003-768x543.jpg 768w, http:\/\/sanbartolomeysanjaime.es\/wp-content\/uploads\/2016\/03\/IMG-20160407-WA0003-1024x724.jpg 1024w\" sizes=\"(max-width: 1599px) 100vw, 1599px\" \/><\/p>\n<p>&nbsp;<\/p>\n","protected":false},"excerpt":{"rendered":"<p>Desde la asociaci\u00f3n \u201cl\u2019orgue, la veu del cel\u201d se pretende recuperar el sonido del rey de los instrumentos que tantas veces acompa\u00f1o la vida de nuestra parroquia y ayudo a crear el<a class=\"moretag\" href=\"http:\/\/sanbartolomeysanjaime.es\/index.php\/2016\/03\/29\/i-cicle-de-musica-sacra-per-a-a-orgue\/\">Leer m\u00e1s&#8230;<\/a><\/p>\n","protected":false},"author":1,"featured_media":703,"comment_status":"closed","ping_status":"closed","sticky":false,"template":"","format":"standard","meta":{"footnotes":""},"categories":[13,3],"tags":[],"_links":{"self":[{"href":"http:\/\/sanbartolomeysanjaime.es\/index.php\/wp-json\/wp\/v2\/posts\/692"}],"collection":[{"href":"http:\/\/sanbartolomeysanjaime.es\/index.php\/wp-json\/wp\/v2\/posts"}],"about":[{"href":"http:\/\/sanbartolomeysanjaime.es\/index.php\/wp-json\/wp\/v2\/types\/post"}],"author":[{"embeddable":true,"href":"http:\/\/sanbartolomeysanjaime.es\/index.php\/wp-json\/wp\/v2\/users\/1"}],"replies":[{"embeddable":true,"href":"http:\/\/sanbartolomeysanjaime.es\/index.php\/wp-json\/wp\/v2\/comments?post=692"}],"version-history":[{"count":3,"href":"http:\/\/sanbartolomeysanjaime.es\/index.php\/wp-json\/wp\/v2\/posts\/692\/revisions"}],"predecessor-version":[{"id":704,"href":"http:\/\/sanbartolomeysanjaime.es\/index.php\/wp-json\/wp\/v2\/posts\/692\/revisions\/704"}],"wp:featuredmedia":[{"embeddable":true,"href":"http:\/\/sanbartolomeysanjaime.es\/index.php\/wp-json\/wp\/v2\/media\/703"}],"wp:attachment":[{"href":"http:\/\/sanbartolomeysanjaime.es\/index.php\/wp-json\/wp\/v2\/media?parent=692"}],"wp:term":[{"taxonomy":"category","embeddable":true,"href":"http:\/\/sanbartolomeysanjaime.es\/index.php\/wp-json\/wp\/v2\/categories?post=692"},{"taxonomy":"post_tag","embeddable":true,"href":"http:\/\/sanbartolomeysanjaime.es\/index.php\/wp-json\/wp\/v2\/tags?post=692"}],"curies":[{"name":"wp","href":"https:\/\/api.w.org\/{rel}","templated":true}]}}