{"id":707,"date":"2016-04-12T12:35:37","date_gmt":"2016-04-12T10:35:37","guid":{"rendered":"http:\/\/sanbartolomeysanjaime.es\/?p=707"},"modified":"2016-04-12T12:35:37","modified_gmt":"2016-04-12T10:35:37","slug":"caritas-parroquial","status":"publish","type":"post","link":"http:\/\/sanbartolomeysanjaime.es\/index.php\/2016\/04\/12\/caritas-parroquial\/","title":{"rendered":"CARITAS PARROQUIAL"},"content":{"rendered":"<div>\n<div><\/div>\n<div>Tuvimos una jornada los voluntarios de Caritas Parroquial. Estuvimos acompa\u00f1ados<\/div>\n<div>por la encargada territorial de Caritas Diocesana.<\/div>\n<div>Las cuentas cada a\u00f1o, con la trasparencia que siempre<\/div>\n<div>hemos tenido en la Parroquia, se ofrecen a los voluntarios<\/div>\n<div>y se publican en el tabl\u00f3n de anuncios de la Parroquia,<\/div>\n<div>situado a la entrada de la Adoraci\u00f3n Perpetua.<\/div>\n<div>En la presente jornada cada sector de Caritas Parroquial<\/div>\n<div>fue informando al resto de su propio quehacer, a la vez que<\/div>\n<div>se iban recogiendo sugerencias y mejoras.<\/div>\n<div>Cuando trasladamos la sede de su anterior ubicaci\u00f3n a la<\/div>\n<div>actual, pensamos que ser\u00eda grande y espacioso, pero se nos<\/div>\n<div>ha quedado peque\u00f1o, pues Caritas Parroquial ha crecido<\/div>\n<div>mucho. Nos hace falta espacio para una lavadora por<\/div>\n<div>ejemplo, de modo que familias o temporeros puedan lavar<\/div>\n<div>su ropa. Nos hace falta espacio para duchas, de modo que<\/div>\n<div>transe\u00fantes o incluso temporeros o familias puedan<\/div>\n<div>asearse. Nos hace falta espacio tanto para la ropa como<\/div>\n<div>para el alimento; espacio que de momento vamos pasando<\/div>\n<div>gracias a dos almacenes de la Caja Rural Sant Josep y de<\/div>\n<div>Frutas Gozalbo, que nos prestan muy gustosamente.<\/div>\n<div><\/div>\n<div>Caritas Parroquial en n\u00fameros del a\u00f1o 2015:<\/div>\n<div>Los voluntarios que trabajan en Caritas Parroquial son 31,<\/div>\n<div>sin contar varios que se han sumado en este mes.<\/div>\n<div>Las personas que se han atendido son 1.062.<\/div>\n<div>Las familias atendidas son 313. De las cuales 156 son<\/div>\n<div>espa\u00f1olas y 157 son inmigrantes. \u00bfse nos critica que s\u00f3lo<\/div>\n<div>atendemos a los extranjeros? Por desgracia, no es cierto esa<\/div>\n<div>critica que recibe Caritas Parroquial.<\/div>\n<div>Las personas individuales atendidas 123. De las cuales<\/div>\n<div>100 son espa\u00f1olas y 23 son inmigrantes. \u00bfse nos critica<\/div>\n<div>que s\u00f3lo atendemos a los extranjeros? Por desgracia, no es<\/div>\n<div>cierto esa critica que recibe Caritas Parroquial.<\/div>\n<div>Los gastos en 2014 han ascendido a 37.420,88\u20ac, repartidos<\/div>\n<div>en alimento, suministros, ropa, farmacia, etc.<\/div>\n<div>Los ingresos en 2014: 37.993,73\u20ac, los cuales provienen:<\/div>\n<div>8.400\u20ac subvenci\u00f3n del Ayuntamiento.<\/div>\n<div>4.000\u20ac subvenci\u00f3n de La Caixa-Banco de Valencia.<\/div>\n<div>25.593,73\u20ac proviene de los feligreses de la Parroquia, ya<\/div>\n<div>sea por la Colecta de los Primeros Domingos,<\/div>\n<div>Donativos o la cuota de los Socios.<\/div>\n<div>Esto quiere decir que el 67,5% de los ingresos son de los<\/div>\n<div>feligreses directamente.<\/div>\n<div>\u00bfDicen que tenemos privilegios la Iglesia? No los vemos.<\/div>\n<div>Ah, s\u00ed, perd\u00f3n, tenemos el privilegio de ayudar, y dar m\u00e1s<\/div>\n<div>de lo que nos sobra. Tenemos el privilegio de dar nuestro<\/div>\n<div>tiempo. \u00a1Qu\u00e9 bueno!. Tenemos el privilegio de dar o\u00eddos<\/div>\n<div>para escuchar, para acompa\u00f1ar. \u00a1Qu\u00e9 bueno!. Dar gratis. Es<\/div>\n<div>un gran privilegio, sin duda.<\/div>\n<div>Ropa:<\/div>\n<div>Agradecer a todos los que aportan ropa de verano para las<\/div>\n<div>familias necesitadas. No olvidemos que lo propio no es<\/div>\n<div>comprar y comprar ropa, dando la usada a Caritas. No<\/div>\n<div>dejas as\u00ed de ser un rico que da. Lo propio es usar m\u00e1s la<\/div>\n<div>ropa y no comprar tanta, pues no la necesitas. \u00bfverdad?<\/div>\n<div>No obstante, ahora en invierno\u00a0s\u00f3lo se recoge la ropa de invierno.<\/div>\n<div>Tenga guardada la ropa de verano para traerla cuando<\/div>\n<div>llegue el verano. \u00bfPor qu\u00e9? Por falta de espacio y por<\/div>\n<div>ahorrar tiempo a los voluntarios. Ahora los voluntarios con<\/div>\n<div>la ropa de verano, lo \u00fanico que pueden hacer es guardarla.<\/div>\n<div>Pues, ay\u00fadanos tu, gu\u00e1rdala hasta el verano.<\/div>\n<div>Trae en invierno la ropa de invierno.<\/div>\n<div>Trae en verano la ropa de verano.<\/div>\n<div>Gracias.<\/div>\n<\/div>\n","protected":false},"excerpt":{"rendered":"<p>Tuvimos una jornada los voluntarios de Caritas Parroquial. Estuvimos acompa\u00f1ados por la encargada territorial de Caritas Diocesana. Las cuentas cada a\u00f1o, con la trasparencia que siempre hemos tenido en la Parroquia, se<a class=\"moretag\" href=\"http:\/\/sanbartolomeysanjaime.es\/index.php\/2016\/04\/12\/caritas-parroquial\/\">Leer m\u00e1s&#8230;<\/a><\/p>\n","protected":false},"author":1,"featured_media":0,"comment_status":"closed","ping_status":"closed","sticky":false,"template":"","format":"standard","meta":{"footnotes":""},"categories":[1],"tags":[],"_links":{"self":[{"href":"http:\/\/sanbartolomeysanjaime.es\/index.php\/wp-json\/wp\/v2\/posts\/707"}],"collection":[{"href":"http:\/\/sanbartolomeysanjaime.es\/index.php\/wp-json\/wp\/v2\/posts"}],"about":[{"href":"http:\/\/sanbartolomeysanjaime.es\/index.php\/wp-json\/wp\/v2\/types\/post"}],"author":[{"embeddable":true,"href":"http:\/\/sanbartolomeysanjaime.es\/index.php\/wp-json\/wp\/v2\/users\/1"}],"replies":[{"embeddable":true,"href":"http:\/\/sanbartolomeysanjaime.es\/index.php\/wp-json\/wp\/v2\/comments?post=707"}],"version-history":[{"count":1,"href":"http:\/\/sanbartolomeysanjaime.es\/index.php\/wp-json\/wp\/v2\/posts\/707\/revisions"}],"predecessor-version":[{"id":709,"href":"http:\/\/sanbartolomeysanjaime.es\/index.php\/wp-json\/wp\/v2\/posts\/707\/revisions\/709"}],"wp:attachment":[{"href":"http:\/\/sanbartolomeysanjaime.es\/index.php\/wp-json\/wp\/v2\/media?parent=707"}],"wp:term":[{"taxonomy":"category","embeddable":true,"href":"http:\/\/sanbartolomeysanjaime.es\/index.php\/wp-json\/wp\/v2\/categories?post=707"},{"taxonomy":"post_tag","embeddable":true,"href":"http:\/\/sanbartolomeysanjaime.es\/index.php\/wp-json\/wp\/v2\/tags?post=707"}],"curies":[{"name":"wp","href":"https:\/\/api.w.org\/{rel}","templated":true}]}}