{"id":734,"date":"2016-05-18T13:38:47","date_gmt":"2016-05-18T11:38:47","guid":{"rendered":"http:\/\/sanbartolomeysanjaime.es\/?p=734"},"modified":"2016-05-18T13:38:47","modified_gmt":"2016-05-18T11:38:47","slug":"ministros-extraordinarios-de-la-comunion","status":"publish","type":"post","link":"http:\/\/sanbartolomeysanjaime.es\/index.php\/2016\/05\/18\/ministros-extraordinarios-de-la-comunion\/","title":{"rendered":"Ministros extraordinarios de la comuni\u00f3n"},"content":{"rendered":"<p>De nuestra Parroquia cuatro de los Ministros extraordinarios renovar\u00e1n este a\u00f1o para otros tres a\u00f1os. A ellos se a\u00f1adir\u00e1 uno nuevo.<\/p>\n<p>Tal como se subraya en las credenciales la autorizaci\u00f3n es s\u00f3lo y exclusivo\u00a0para el territorio Parroquial.<\/p>\n<p>http:\/\/www.obsegorbecastellon.com\/ministros-extraordinarios-de-la-comunion\/<\/p>\n","protected":false},"excerpt":{"rendered":"<p>De nuestra Parroquia cuatro de los Ministros extraordinarios renovar\u00e1n este a\u00f1o para otros tres a\u00f1os. A ellos se a\u00f1adir\u00e1 uno nuevo. Tal como se subraya en las credenciales la autorizaci\u00f3n es s\u00f3lo<a class=\"moretag\" href=\"http:\/\/sanbartolomeysanjaime.es\/index.php\/2016\/05\/18\/ministros-extraordinarios-de-la-comunion\/\">Leer m\u00e1s&#8230;<\/a><\/p>\n","protected":false},"author":1,"featured_media":0,"comment_status":"closed","ping_status":"closed","sticky":false,"template":"","format":"standard","meta":{"footnotes":""},"categories":[3],"tags":[],"_links":{"self":[{"href":"http:\/\/sanbartolomeysanjaime.es\/index.php\/wp-json\/wp\/v2\/posts\/734"}],"collection":[{"href":"http:\/\/sanbartolomeysanjaime.es\/index.php\/wp-json\/wp\/v2\/posts"}],"about":[{"href":"http:\/\/sanbartolomeysanjaime.es\/index.php\/wp-json\/wp\/v2\/types\/post"}],"author":[{"embeddable":true,"href":"http:\/\/sanbartolomeysanjaime.es\/index.php\/wp-json\/wp\/v2\/users\/1"}],"replies":[{"embeddable":true,"href":"http:\/\/sanbartolomeysanjaime.es\/index.php\/wp-json\/wp\/v2\/comments?post=734"}],"version-history":[{"count":1,"href":"http:\/\/sanbartolomeysanjaime.es\/index.php\/wp-json\/wp\/v2\/posts\/734\/revisions"}],"predecessor-version":[{"id":735,"href":"http:\/\/sanbartolomeysanjaime.es\/index.php\/wp-json\/wp\/v2\/posts\/734\/revisions\/735"}],"wp:attachment":[{"href":"http:\/\/sanbartolomeysanjaime.es\/index.php\/wp-json\/wp\/v2\/media?parent=734"}],"wp:term":[{"taxonomy":"category","embeddable":true,"href":"http:\/\/sanbartolomeysanjaime.es\/index.php\/wp-json\/wp\/v2\/categories?post=734"},{"taxonomy":"post_tag","embeddable":true,"href":"http:\/\/sanbartolomeysanjaime.es\/index.php\/wp-json\/wp\/v2\/tags?post=734"}],"curies":[{"name":"wp","href":"https:\/\/api.w.org\/{rel}","templated":true}]}}