{"id":832,"date":"2016-09-05T21:07:34","date_gmt":"2016-09-05T19:07:34","guid":{"rendered":"http:\/\/sanbartolomeysanjaime.es\/?p=832"},"modified":"2016-09-10T14:23:21","modified_gmt":"2016-09-10T12:23:21","slug":"aniversario-de-la-capilla","status":"publish","type":"post","link":"http:\/\/sanbartolomeysanjaime.es\/index.php\/2016\/09\/05\/aniversario-de-la-capilla\/","title":{"rendered":"Aniversario de la Capilla de la Virgen del Carmen"},"content":{"rendered":"<p>Celebramos el 84 aniversario de la Capilla Virgen del Carmen que cada verano abre sus puertas para acogernos.<\/p>\n<p>Fue el 14 de agosto de 1932. Se bendijo una Capilla mucho m\u00e1s peque\u00f1a que la que ahora conocemos. Estaba situada en el patio-jard\u00edn de la casa de Mn. Antonio Bertomeu. Que posteriormente don\u00f3 el terreno para la Capilla. Podemos f\u00e1cilmente suponer que en el patio-jard\u00edn de su propia casa empez\u00f3 a celebrar la Misa, a la cual cada vez iba participando m\u00e1s feligreses tomando cuerpo. Destruy\u00e9ndose en la persecuci\u00f3n religiosa del siglo XX, y posteriormente se construy\u00f3 de nuevo m\u00e1s grande, en las dimensiones que ahora conocemos.<\/p>\n","protected":false},"excerpt":{"rendered":"<p>Celebramos el 84 aniversario de la Capilla Virgen del Carmen que cada verano abre sus puertas para acogernos. Fue el 14 de agosto de 1932. Se bendijo una Capilla mucho m\u00e1s peque\u00f1a<a class=\"moretag\" href=\"http:\/\/sanbartolomeysanjaime.es\/index.php\/2016\/09\/05\/aniversario-de-la-capilla\/\">Leer m\u00e1s&#8230;<\/a><\/p>\n","protected":false},"author":1,"featured_media":0,"comment_status":"closed","ping_status":"closed","sticky":false,"template":"","format":"standard","meta":{"footnotes":""},"categories":[3],"tags":[],"_links":{"self":[{"href":"http:\/\/sanbartolomeysanjaime.es\/index.php\/wp-json\/wp\/v2\/posts\/832"}],"collection":[{"href":"http:\/\/sanbartolomeysanjaime.es\/index.php\/wp-json\/wp\/v2\/posts"}],"about":[{"href":"http:\/\/sanbartolomeysanjaime.es\/index.php\/wp-json\/wp\/v2\/types\/post"}],"author":[{"embeddable":true,"href":"http:\/\/sanbartolomeysanjaime.es\/index.php\/wp-json\/wp\/v2\/users\/1"}],"replies":[{"embeddable":true,"href":"http:\/\/sanbartolomeysanjaime.es\/index.php\/wp-json\/wp\/v2\/comments?post=832"}],"version-history":[{"count":2,"href":"http:\/\/sanbartolomeysanjaime.es\/index.php\/wp-json\/wp\/v2\/posts\/832\/revisions"}],"predecessor-version":[{"id":834,"href":"http:\/\/sanbartolomeysanjaime.es\/index.php\/wp-json\/wp\/v2\/posts\/832\/revisions\/834"}],"wp:attachment":[{"href":"http:\/\/sanbartolomeysanjaime.es\/index.php\/wp-json\/wp\/v2\/media?parent=832"}],"wp:term":[{"taxonomy":"category","embeddable":true,"href":"http:\/\/sanbartolomeysanjaime.es\/index.php\/wp-json\/wp\/v2\/categories?post=832"},{"taxonomy":"post_tag","embeddable":true,"href":"http:\/\/sanbartolomeysanjaime.es\/index.php\/wp-json\/wp\/v2\/tags?post=832"}],"curies":[{"name":"wp","href":"https:\/\/api.w.org\/{rel}","templated":true}]}}