{"id":1502,"date":"2017-06-19T13:00:28","date_gmt":"2017-06-19T11:00:28","guid":{"rendered":"http:\/\/sanbartolomeysanjaime.es\/?p=1502"},"modified":"2022-09-18T12:35:52","modified_gmt":"2022-09-18T10:35:52","slug":"taller-de-confeccion-para-misiones","status":"publish","type":"post","link":"https:\/\/sanbartolomeysanjaime.es\/index.php\/2017\/06\/19\/taller-de-confeccion-para-misiones\/","title":{"rendered":"TALLER DE CONFECCI\u00d3N PARA MISIONES"},"content":{"rendered":"<p><img loading=\"lazy\" decoding=\"async\" class=\"aligncenter size-full wp-image-1504\" src=\"http:\/\/sanbartolomeysanjaime.es\/wp-content\/uploads\/2017\/06\/A\u00f1o-2014.-2.jpg\" alt=\"\" width=\"3264\" height=\"1952\" srcset=\"https:\/\/sanbartolomeysanjaime.es\/wp-content\/uploads\/2017\/06\/A\u00f1o-2014.-2.jpg 3264w, https:\/\/sanbartolomeysanjaime.es\/wp-content\/uploads\/2017\/06\/A\u00f1o-2014.-2-300x179.jpg 300w, https:\/\/sanbartolomeysanjaime.es\/wp-content\/uploads\/2017\/06\/A\u00f1o-2014.-2-768x459.jpg 768w, https:\/\/sanbartolomeysanjaime.es\/wp-content\/uploads\/2017\/06\/A\u00f1o-2014.-2-1024x612.jpg 1024w\" sizes=\"(max-width: 3264px) 100vw, 3264px\" \/>\u00a0Desde hace m\u00e1s de diez a\u00f1os un grupo de mujeres van confeccionando ropa lit\u00fargica: purificadores, manutergios, corporales, manteles, albas y hasta casullas se han atrevido a confeccionar. Se entrega a la Delegaci\u00f3n Diocesana de Misiones donde van pasando los misioneros durante el a\u00f1o, y se les va dando lo que necesitan. Pr\u00e1cticamente el grupo de Nules es el \u00fanico en toda la Di\u00f3cesis. Los materiales necesarios son adquiridos por una aportaci\u00f3n anual de la Caixa Rural Sant Josep de Nules, as\u00ed como donativos an\u00f3nimos. Agradecemos tanto a los colaboradores como a las mujeres que confeccionan. A la vez tambi\u00e9n se invita a quienes quieran el pr\u00f3ximo curso formar parte de este grupo. Adelante, cuantos m\u00e1s, m\u00e1s se podr\u00e1 confeccionar. Todos sabemos que las necesidades de las misiones son demasiadas. Pr\u00f3ximo mi\u00e9rcoles 21 a partir de las 18.00 h se expone en el Sal\u00f3n Parroquial lo realizado durante el a\u00f1o para las misiones. Pasar a visitar la exposici\u00f3n tambi\u00e9n es una forma de apoyar y agradecer labor tan encomiable.<\/p>\n","protected":false},"excerpt":{"rendered":"<p>\u00a0Desde hace m\u00e1s de diez a\u00f1os un grupo de mujeres van confeccionando ropa lit\u00fargica: purificadores, manutergios, corporales, manteles, albas y hasta casullas se han atrevido a confeccionar. Se entrega a la Delegaci\u00f3n<a class=\"moretag\" href=\"https:\/\/sanbartolomeysanjaime.es\/index.php\/2017\/06\/19\/taller-de-confeccion-para-misiones\/\">Leer m\u00e1s&#8230;<\/a><\/p>\n","protected":false},"author":1,"featured_media":1504,"comment_status":"closed","ping_status":"closed","sticky":false,"template":"","format":"standard","meta":{"footnotes":""},"categories":[1],"tags":[],"_links":{"self":[{"href":"https:\/\/sanbartolomeysanjaime.es\/index.php\/wp-json\/wp\/v2\/posts\/1502"}],"collection":[{"href":"https:\/\/sanbartolomeysanjaime.es\/index.php\/wp-json\/wp\/v2\/posts"}],"about":[{"href":"https:\/\/sanbartolomeysanjaime.es\/index.php\/wp-json\/wp\/v2\/types\/post"}],"author":[{"embeddable":true,"href":"https:\/\/sanbartolomeysanjaime.es\/index.php\/wp-json\/wp\/v2\/users\/1"}],"replies":[{"embeddable":true,"href":"https:\/\/sanbartolomeysanjaime.es\/index.php\/wp-json\/wp\/v2\/comments?post=1502"}],"version-history":[{"count":2,"href":"https:\/\/sanbartolomeysanjaime.es\/index.php\/wp-json\/wp\/v2\/posts\/1502\/revisions"}],"predecessor-version":[{"id":1506,"href":"https:\/\/sanbartolomeysanjaime.es\/index.php\/wp-json\/wp\/v2\/posts\/1502\/revisions\/1506"}],"wp:featuredmedia":[{"embeddable":true,"href":"https:\/\/sanbartolomeysanjaime.es\/index.php\/wp-json\/wp\/v2\/media\/1504"}],"wp:attachment":[{"href":"https:\/\/sanbartolomeysanjaime.es\/index.php\/wp-json\/wp\/v2\/media?parent=1502"}],"wp:term":[{"taxonomy":"category","embeddable":true,"href":"https:\/\/sanbartolomeysanjaime.es\/index.php\/wp-json\/wp\/v2\/categories?post=1502"},{"taxonomy":"post_tag","embeddable":true,"href":"https:\/\/sanbartolomeysanjaime.es\/index.php\/wp-json\/wp\/v2\/tags?post=1502"}],"curies":[{"name":"wp","href":"https:\/\/api.w.org\/{rel}","templated":true}]}}