{"id":1525,"date":"2017-07-11T12:56:51","date_gmt":"2017-07-11T10:56:51","guid":{"rendered":"http:\/\/sanbartolomeysanjaime.es\/?p=1525"},"modified":"2022-09-18T12:35:52","modified_gmt":"2022-09-18T10:35:52","slug":"horario-de-misas","status":"publish","type":"post","link":"https:\/\/sanbartolomeysanjaime.es\/index.php\/2017\/07\/11\/horario-de-misas\/","title":{"rendered":"HORARIO DE MISAS."},"content":{"rendered":"<p><img loading=\"lazy\" decoding=\"async\" class=\"aligncenter size-full wp-image-1032\" src=\"http:\/\/sanbartolomeysanjaime.es\/wp-content\/uploads\/2016\/09\/10552395_322025107959969_3806062496125610272_n.jpg\" alt=\"\" width=\"656\" height=\"480\" srcset=\"https:\/\/sanbartolomeysanjaime.es\/wp-content\/uploads\/2016\/09\/10552395_322025107959969_3806062496125610272_n.jpg 656w, https:\/\/sanbartolomeysanjaime.es\/wp-content\/uploads\/2016\/09\/10552395_322025107959969_3806062496125610272_n-300x220.jpg 300w\" sizes=\"(max-width: 656px) 100vw, 656px\" \/><\/p>\n<p><strong>\u00a0<\/strong><strong><em><u>Diarias<\/u><\/em><\/strong><\/p>\n<p>Arciprestal (s\u00e1bados en la Soledad) \u00a09.30 h.<\/p>\n<p>Residencia\u00a0\u00a0\u00a0\u00a0\u00a0 .\u00a0\u00a0\u00a0\u00a0 .\u00a0\u00a0\u00a0\u00a0 .\u00a0\u00a0\u00a0\u00a0 .\u00a0\u00a0\u00a0\u00a0 . \u00a0 \u00a0 \u00a0 \u00a0 18.00 h.<\/p>\n<p>Arciprestal\u00a0\u00a0\u00a0\u00a0\u00a0 .\u00a0\u00a0\u00a0\u00a0 .\u00a0\u00a0\u00a0\u00a0 .\u00a0\u00a0\u00a0\u00a0 .\u00a0\u00a0\u00a0\u00a0 . \u00a0 \u00a0 \u00a0 \u00a0 \u00a0 19.00 h.<\/p>\n<p>Virgen del Carmen (playa)\u00a0\u00a0 .\u00a0\u00a0\u00a0\u00a0 .\u00a0\u00a0\u00a0\u00a0 20.00 h. (verano)<\/p>\n<p><strong><em><u>V\u00edsperas de Fiestas<\/u><\/em><\/strong><\/p>\n<p>Inmaculada\u00a0\u00a0\u00a0 .\u00a0\u00a0\u00a0\u00a0 .\u00a0\u00a0\u00a0\u00a0 .\u00a0\u00a0\u00a0\u00a0 .\u00a0\u00a0\u00a0\u00a0 . \u00a0 \u00a0 \u00a0 \u00a0 \u00a0 \u00a018.00 h.<\/p>\n<p>Arciprestal\u00a0\u00a0\u00a0\u00a0\u00a0\u00a0\u00a0\u00a0\u00a0\u00a0\u00a0 .\u00a0\u00a0\u00a0\u00a0 .\u00a0\u00a0\u00a0\u00a0 .\u00a0\u00a0\u00a0\u00a0 . \u00a0 \u00a0 \u00a0 \u00a0 \u00a0 19.00 h.<\/p>\n<p>Virgen del Carmen (playa)\u00a0\u00a0 .\u00a0\u00a0\u00a0\u00a0 .\u00a0\u00a0\u00a0\u00a0 20.00 h. (verano)<\/p>\n<p><strong>\u00a0<\/strong><\/p>\n<p><strong><em><u>Festivos<\/u><\/em><\/strong><\/p>\n<p>Arciprestal\u00a0\u00a0\u00a0\u00a0\u00a0 .\u00a0\u00a0\u00a0\u00a0 .\u00a0\u00a0\u00a0\u00a0 .\u00a0\u00a0\u00a0\u00a0 .\u00a0\u00a0\u00a0\u00a0 .\u00a0\u00a0\u00a0\u00a0 \u00a0 8.30 h.<\/p>\n<p>Virgen del Carmen (playa)\u00a0\u00a0\u00a0 . \u00a0 \u00a0 \u00a09.30 h. (verano)<\/p>\n<p>Arciprestal\u00a0\u00a0\u00a0\u00a0\u00a0 .\u00a0\u00a0\u00a0\u00a0 .\u00a0\u00a0\u00a0\u00a0 .\u00a0\u00a0\u00a0\u00a0 .\u00a0\u00a0\u00a0\u00a0 .\u00a0\u00a0\u00a0\u00a0 10.30 h. (invierno)<\/p>\n<p>Residencia\u00a0\u00a0\u00a0\u00a0\u00a0 .\u00a0\u00a0\u00a0\u00a0 .\u00a0\u00a0\u00a0\u00a0 .\u00a0\u00a0\u00a0\u00a0 .\u00a0\u00a0\u00a0\u00a0 . \u00a0 \u00a0 11.00 h.<\/p>\n<p>Convento\u00a0 .\u00a0\u00a0\u00a0\u00a0 .\u00a0\u00a0\u00a0\u00a0 .\u00a0\u00a0\u00a0\u00a0 .\u00a0\u00a0\u00a0\u00a0 .\u00a0\u00a0\u00a0\u00a0 . \u00a0 \u00a0 11.30 h. (invierno)<\/p>\n<p>Convento\u00a0 .\u00a0\u00a0\u00a0\u00a0 .\u00a0\u00a0\u00a0\u00a0 .\u00a0\u00a0\u00a0\u00a0 .\u00a0\u00a0\u00a0\u00a0 .\u00a0\u00a0\u00a0\u00a0 .\u00a0\u00a0\u00a0\u00a0 13.00 h.<\/p>\n<p>Arciprestal\u00a0\u00a0\u00a0\u00a0\u00a0 .\u00a0\u00a0\u00a0\u00a0 .\u00a0\u00a0\u00a0\u00a0 .\u00a0\u00a0\u00a0\u00a0 .\u00a0\u00a0\u00a0\u00a0 .\u00a0\u00a0\u00a0\u00a0 19.00 h. (invierno)<\/p>\n<p>Virgen del Carmen (playa)\u00a0\u00a0\u00a0 . \u00a0 \u00a0 20.00 h. (verano)<\/p>\n<p>&nbsp;<\/p>\n<p>&nbsp;<\/p>\n<p><strong><em><u>ADORACION EUCARISTICA PERPETUA<\/u><\/em><\/strong><\/p>\n<p>D\u00cdA Y NOCHE TODOS LOS D\u00cdAS DEL A\u00d1O<\/p>\n<p>Se interrumpe en los siguientes momentos:<\/p>\n<ul>\n<li>Limpieza los martes de 15 a 16 h.<\/li>\n<li>Misa 9.30 h. todos los d\u00edas excepto festivos<\/li>\n<li>Cada adorador ofrece una hora a la semana.<\/li>\n<li>Gracias a este compromiso la Parroquia ofrece un oasis de paz y de encuentro con el Se\u00f1or, para todo el que ande buscando.<\/li>\n<li>Formamos una cadena ininterrumpida, formamos una comunidad. Es la fuerza de la comuni\u00f3n.<\/li>\n<li>Los adoradores comprometidos firman en el libro; los otros no.<\/li>\n<li>Te invitamos a ofrecer una hora de tu semana. \u00bfTe animas a una hora nocturna?<\/li>\n<li>No se permite oraci\u00f3n comunitaria.<\/li>\n<li><strong>No se permite visita tur\u00edstica<\/strong><strong>.<\/strong><\/li>\n<li>Respeta la oraci\u00f3n personal de los dem\u00e1s.<\/li>\n<\/ul>\n","protected":false},"excerpt":{"rendered":"<p>\u00a0Diarias Arciprestal (s\u00e1bados en la Soledad) \u00a09.30 h. Residencia\u00a0\u00a0\u00a0\u00a0\u00a0 .\u00a0\u00a0\u00a0\u00a0 .\u00a0\u00a0\u00a0\u00a0 .\u00a0\u00a0\u00a0\u00a0 .\u00a0\u00a0\u00a0\u00a0 . \u00a0 \u00a0 \u00a0 \u00a0 18.00 h. Arciprestal\u00a0\u00a0\u00a0\u00a0\u00a0 .\u00a0\u00a0\u00a0\u00a0 .\u00a0\u00a0\u00a0\u00a0 .\u00a0\u00a0\u00a0\u00a0 .\u00a0\u00a0\u00a0\u00a0 . \u00a0 \u00a0 \u00a0 \u00a0 \u00a0 19.00<a class=\"moretag\" href=\"https:\/\/sanbartolomeysanjaime.es\/index.php\/2017\/07\/11\/horario-de-misas\/\">Leer m\u00e1s&#8230;<\/a><\/p>\n","protected":false},"author":1,"featured_media":0,"comment_status":"closed","ping_status":"closed","sticky":false,"template":"","format":"image","meta":{"footnotes":""},"categories":[1],"tags":[],"_links":{"self":[{"href":"https:\/\/sanbartolomeysanjaime.es\/index.php\/wp-json\/wp\/v2\/posts\/1525"}],"collection":[{"href":"https:\/\/sanbartolomeysanjaime.es\/index.php\/wp-json\/wp\/v2\/posts"}],"about":[{"href":"https:\/\/sanbartolomeysanjaime.es\/index.php\/wp-json\/wp\/v2\/types\/post"}],"author":[{"embeddable":true,"href":"https:\/\/sanbartolomeysanjaime.es\/index.php\/wp-json\/wp\/v2\/users\/1"}],"replies":[{"embeddable":true,"href":"https:\/\/sanbartolomeysanjaime.es\/index.php\/wp-json\/wp\/v2\/comments?post=1525"}],"version-history":[{"count":3,"href":"https:\/\/sanbartolomeysanjaime.es\/index.php\/wp-json\/wp\/v2\/posts\/1525\/revisions"}],"predecessor-version":[{"id":1528,"href":"https:\/\/sanbartolomeysanjaime.es\/index.php\/wp-json\/wp\/v2\/posts\/1525\/revisions\/1528"}],"wp:attachment":[{"href":"https:\/\/sanbartolomeysanjaime.es\/index.php\/wp-json\/wp\/v2\/media?parent=1525"}],"wp:term":[{"taxonomy":"category","embeddable":true,"href":"https:\/\/sanbartolomeysanjaime.es\/index.php\/wp-json\/wp\/v2\/categories?post=1525"},{"taxonomy":"post_tag","embeddable":true,"href":"https:\/\/sanbartolomeysanjaime.es\/index.php\/wp-json\/wp\/v2\/tags?post=1525"}],"curies":[{"name":"wp","href":"https:\/\/api.w.org\/{rel}","templated":true}]}}