{"id":1615,"date":"2017-10-14T09:05:16","date_gmt":"2017-10-14T07:05:16","guid":{"rendered":"http:\/\/sanbartolomeysanjaime.es\/?p=1615"},"modified":"2022-09-18T12:35:52","modified_gmt":"2022-09-18T10:35:52","slug":"saluda-a-la-todos-los-feligreses-en-la-festividad-de-la-mare-de-deu-de-la-soledat","status":"publish","type":"post","link":"https:\/\/sanbartolomeysanjaime.es\/index.php\/2017\/10\/14\/saluda-a-la-todos-los-feligreses-en-la-festividad-de-la-mare-de-deu-de-la-soledat\/","title":{"rendered":"Saluda a la todos los feligreses en la Festividad de la Mare de Deu de la Soledat"},"content":{"rendered":"<p><img loading=\"lazy\" decoding=\"async\" class=\"aligncenter size-full wp-image-1616\" src=\"http:\/\/sanbartolomeysanjaime.es\/wp-content\/uploads\/2017\/10\/A\u00f1o-2016.-Soledad-1.jpg\" alt=\"\" width=\"640\" height=\"640\" srcset=\"https:\/\/sanbartolomeysanjaime.es\/wp-content\/uploads\/2017\/10\/A\u00f1o-2016.-Soledad-1.jpg 640w, https:\/\/sanbartolomeysanjaime.es\/wp-content\/uploads\/2017\/10\/A\u00f1o-2016.-Soledad-1-150x150.jpg 150w, https:\/\/sanbartolomeysanjaime.es\/wp-content\/uploads\/2017\/10\/A\u00f1o-2016.-Soledad-1-300x300.jpg 300w\" sizes=\"(max-width: 640px) 100vw, 640px\" \/><\/p>\n<p>&nbsp;<\/p>\n<p>Despu\u00e9s de celebrar la Fiestra patronal en honor a la Mare de Deu de la Soledat con gran participaci\u00f3n, tambi\u00e9n en la Serenata, nit de albaes, la Santa Misa por nuestros difuntos, continuamos celebrando grandes actos en honor a la Nostra Mare: las Perlas, viviremos las soledades que Dios s\u00f3lo a Ella ha concedido y que la Iglesia Nuestra Madre nos los ofrece en los Dogmas Marianos\u00a0 \u00a0 \u00a0<a href=\"http:\/\/sanbartolomeysanjaime.es\/wp-content\/uploads\/2017\/10\/Saluda-en-la-Festividad-de-la-Mare-de-Deu-de-la-Soledat.pdf\">Saluda en la Festividad de la Mare de Deu de la Soledat<\/a><\/p>\n<p>&nbsp;<\/p>\n<p>&nbsp;<\/p>\n","protected":false},"excerpt":{"rendered":"<p>&nbsp; Despu\u00e9s de celebrar la Fiestra patronal en honor a la Mare de Deu de la Soledat con gran participaci\u00f3n, tambi\u00e9n en la Serenata, nit de albaes, la Santa Misa por nuestros<a class=\"moretag\" href=\"https:\/\/sanbartolomeysanjaime.es\/index.php\/2017\/10\/14\/saluda-a-la-todos-los-feligreses-en-la-festividad-de-la-mare-de-deu-de-la-soledat\/\">Leer m\u00e1s&#8230;<\/a><\/p>\n","protected":false},"author":1,"featured_media":0,"comment_status":"closed","ping_status":"closed","sticky":false,"template":"","format":"standard","meta":{"footnotes":""},"categories":[1],"tags":[],"_links":{"self":[{"href":"https:\/\/sanbartolomeysanjaime.es\/index.php\/wp-json\/wp\/v2\/posts\/1615"}],"collection":[{"href":"https:\/\/sanbartolomeysanjaime.es\/index.php\/wp-json\/wp\/v2\/posts"}],"about":[{"href":"https:\/\/sanbartolomeysanjaime.es\/index.php\/wp-json\/wp\/v2\/types\/post"}],"author":[{"embeddable":true,"href":"https:\/\/sanbartolomeysanjaime.es\/index.php\/wp-json\/wp\/v2\/users\/1"}],"replies":[{"embeddable":true,"href":"https:\/\/sanbartolomeysanjaime.es\/index.php\/wp-json\/wp\/v2\/comments?post=1615"}],"version-history":[{"count":1,"href":"https:\/\/sanbartolomeysanjaime.es\/index.php\/wp-json\/wp\/v2\/posts\/1615\/revisions"}],"predecessor-version":[{"id":1619,"href":"https:\/\/sanbartolomeysanjaime.es\/index.php\/wp-json\/wp\/v2\/posts\/1615\/revisions\/1619"}],"wp:attachment":[{"href":"https:\/\/sanbartolomeysanjaime.es\/index.php\/wp-json\/wp\/v2\/media?parent=1615"}],"wp:term":[{"taxonomy":"category","embeddable":true,"href":"https:\/\/sanbartolomeysanjaime.es\/index.php\/wp-json\/wp\/v2\/categories?post=1615"},{"taxonomy":"post_tag","embeddable":true,"href":"https:\/\/sanbartolomeysanjaime.es\/index.php\/wp-json\/wp\/v2\/tags?post=1615"}],"curies":[{"name":"wp","href":"https:\/\/api.w.org\/{rel}","templated":true}]}}