{"id":1630,"date":"2017-10-26T18:05:52","date_gmt":"2017-10-26T16:05:52","guid":{"rendered":"http:\/\/sanbartolomeysanjaime.es\/?p=1630"},"modified":"2022-09-18T12:35:52","modified_gmt":"2022-09-18T10:35:52","slug":"conciertos-en-las-iglesias","status":"publish","type":"post","link":"https:\/\/sanbartolomeysanjaime.es\/index.php\/2017\/10\/26\/conciertos-en-las-iglesias\/","title":{"rendered":"CONCIERTOS EN LAS IGLESIAS"},"content":{"rendered":"<p>&nbsp;<\/p>\n<p><img loading=\"lazy\" decoding=\"async\" class=\"aligncenter size-full wp-image-1631\" src=\"http:\/\/sanbartolomeysanjaime.es\/wp-content\/uploads\/2017\/10\/a\u00f1o-1970.-5.jpg\" alt=\"\" width=\"550\" height=\"383\" srcset=\"https:\/\/sanbartolomeysanjaime.es\/wp-content\/uploads\/2017\/10\/a\u00f1o-1970.-5.jpg 550w, https:\/\/sanbartolomeysanjaime.es\/wp-content\/uploads\/2017\/10\/a\u00f1o-1970.-5-300x209.jpg 300w\" sizes=\"(max-width: 550px) 100vw, 550px\" \/><\/p>\n<p>Ante algunos conciertos que no se han autorizado dentro de la iglesia se clarifica lo que sigue:<\/p>\n<p>1\u2013 Los conciertos no los autoriza el P\u00e1rroco, sino el Obispado. Desde la Parroquia tramitamos la solicitud, siempre y cuando no entre en conflicto con actos de culto, y cumplan los criterios emanados por el Obispado.<\/p>\n<p>2\u2013 Tal solicitud se debe hacer en tiempo suficiente y por escrito, indicando la fecha, horario y repertorio completo.<\/p>\n<p>3\u2013 Durante las fiestas se sabe que nos cierran el Templo Parroquial por las tardes, por tanto no podemos permitir que actos eventuales nos cierren una segunda iglesia.<\/p>\n<p>4\u2013 El Obispado emana unos criterios seg\u00fan las indicaciones de la Congregaci\u00f3n para el Culto Divino y la Disciplina de los Sacramentos.<\/p>\n<p>Las iglesias no pueden ser consideradas simplemente como lugares \u00abp\u00fablicos\u00bb, disponibles para cualquier tipo de reuniones. Son lugares sagrados, es decir \u00abseparados\u00bb, destinados con car\u00e1cter permanente al culto de Dios, desde el momento de la dedicaci\u00f3n o de la bendici\u00f3n.<\/p>\n<p>En una sociedad como la nuestra las iglesias son lugares adecuados en los cuales los hombres pueden alcanzar, en el silencio o en la plegaria, la paz del esp\u00edritu o la luz de la fe.<\/p>\n<p>Todo eso solamente podr\u00e1 seguir siendo posible si las iglesias conservan su propia identidad. Cuando las iglesias se utilizan para otras finalidades distintas de la propia, se pone en peligro su caracter\u00edstica de signo del misterio cristiano, con consecuencias negativas, m\u00e1s o menos graves, para la pedagog\u00eda de la fe y a la sensibilidad del pueblo de Dios, tal como recuerda la palabra del Se\u00f1or: \u00abMi casa es casa de oraci\u00f3n\u00bb (Lc 19,46).<\/p>\n<p>La norma para el uso de las iglesias est\u00e1 determinada por el canon 1210 del C\u00f3digo de Derecho Can\u00f3nico: \u00abEn un lugar sagrado solo puede admitirse aquello que favorece el ejercicio y el fomento del culto, de la piedad y de la religi\u00f3n, y se proh\u00edbe lo que no est\u00e9 en consonancia con la santidad del lugar.<\/p>\n<p>El principio de que el uso de la iglesia no debe ser contrario a la santidad del lugar, determina el criterio seg\u00fan el cual se puede abrir la puerta de la iglesia a un concierto de m\u00fasica sagrada o religiosa, y se debe cerrarla a cualquier otra especie de m\u00fasica. La mejor y m\u00e1s bella m\u00fasica sinf\u00f3nica, por ejemplo, no es de por si m\u00fasica religiosa. Tal calificaci\u00f3n ha de resultar expl\u00edcitamente de la finalidad original de las piezas musicales, de los cantos y de su contenido. No es leg\u00edtimo programar en una iglesia la interpretaci\u00f3n de una m\u00fasica que no es de inspiraci\u00f3n religiosa, y que ha sido compuesta para ser interpretada en contextos profanos determinados, ya se trate de m\u00fasica cl\u00e1sica, ya de m\u00fasica contempor\u00e1nea, de alto nivel o de car\u00e1cter popular: este tipo de m\u00fasica no estar\u00eda de acuerdo con el car\u00e1cter sagrado de la Iglesia, ni tampoco con la misma obra musical, que se hallar\u00eda interpretada en un contexto que no le es connatural.<\/p>\n<p>Con el fin de salvaguardar el car\u00e1cter sagrado de la Iglesia, tanto los interpretes como los asistentes cuidaran tanto el modo de vestir como un digno comportamiento.<\/p>\n<p>As\u00ed mismo los m\u00fasicos y los cantores evitaran ocupar el Presbiterio, y se tratar\u00e1 con el m\u00e1ximo respeto el Altar, la Sede y el Amb\u00f3n.<\/p>\n<p>As\u00ed mismo se cuidar\u00e1 la presentaci\u00f3n y los comentarios de las piezas que no sean \u00fanicamente de car\u00e1cter art\u00edstico o hist\u00f3rico.<\/p>\n<p>Por otra parte, el organizador del concierto asegurar\u00e1, por escrito, la responsabilidad civil, los gastos, la reorganizaci\u00f3n del edificio, los da\u00f1os eventuales.<\/p>\n<p>As\u00ed, de acuerdo con lo que el Derecho y la Congregaci\u00f3n establecen, un concierto podr\u00e1 tenerse en una iglesia siempre que no haya un lugar en el municipio m\u00e1s apropiado, y se cuente con autorizaci\u00f3n expl\u00edcita.<\/p>\n<p>El Vicario General<\/p>\n<p><b>\u00a0<\/b><\/p>\n<p><b>Todo lo expuesto sobre los Conciertos se aplica tambi\u00e9n a los cantos en las Bodas. <\/b><b><i>Por favor, no todo se puede cantar.<\/i><\/b><\/p>\n<p>&nbsp;<\/p>\n<p>&nbsp;<\/p>\n","protected":false},"excerpt":{"rendered":"<p>&nbsp; Ante algunos conciertos que no se han autorizado dentro de la iglesia se clarifica lo que sigue: 1\u2013 Los conciertos no los autoriza el P\u00e1rroco, sino el Obispado. Desde la Parroquia<a class=\"moretag\" href=\"https:\/\/sanbartolomeysanjaime.es\/index.php\/2017\/10\/26\/conciertos-en-las-iglesias\/\">Leer m\u00e1s&#8230;<\/a><\/p>\n","protected":false},"author":1,"featured_media":0,"comment_status":"closed","ping_status":"closed","sticky":false,"template":"","format":"standard","meta":{"footnotes":""},"categories":[1],"tags":[],"_links":{"self":[{"href":"https:\/\/sanbartolomeysanjaime.es\/index.php\/wp-json\/wp\/v2\/posts\/1630"}],"collection":[{"href":"https:\/\/sanbartolomeysanjaime.es\/index.php\/wp-json\/wp\/v2\/posts"}],"about":[{"href":"https:\/\/sanbartolomeysanjaime.es\/index.php\/wp-json\/wp\/v2\/types\/post"}],"author":[{"embeddable":true,"href":"https:\/\/sanbartolomeysanjaime.es\/index.php\/wp-json\/wp\/v2\/users\/1"}],"replies":[{"embeddable":true,"href":"https:\/\/sanbartolomeysanjaime.es\/index.php\/wp-json\/wp\/v2\/comments?post=1630"}],"version-history":[{"count":1,"href":"https:\/\/sanbartolomeysanjaime.es\/index.php\/wp-json\/wp\/v2\/posts\/1630\/revisions"}],"predecessor-version":[{"id":1632,"href":"https:\/\/sanbartolomeysanjaime.es\/index.php\/wp-json\/wp\/v2\/posts\/1630\/revisions\/1632"}],"wp:attachment":[{"href":"https:\/\/sanbartolomeysanjaime.es\/index.php\/wp-json\/wp\/v2\/media?parent=1630"}],"wp:term":[{"taxonomy":"category","embeddable":true,"href":"https:\/\/sanbartolomeysanjaime.es\/index.php\/wp-json\/wp\/v2\/categories?post=1630"},{"taxonomy":"post_tag","embeddable":true,"href":"https:\/\/sanbartolomeysanjaime.es\/index.php\/wp-json\/wp\/v2\/tags?post=1630"}],"curies":[{"name":"wp","href":"https:\/\/api.w.org\/{rel}","templated":true}]}}