{"id":1649,"date":"2017-10-31T13:15:29","date_gmt":"2017-10-31T12:15:29","guid":{"rendered":"http:\/\/sanbartolomeysanjaime.es\/?p=1649"},"modified":"2022-09-18T12:35:52","modified_gmt":"2022-09-18T10:35:52","slug":"solemniidad-de-todos-los-santos-y-conmemoracion-de-los-fieles-difuntos","status":"publish","type":"post","link":"https:\/\/sanbartolomeysanjaime.es\/index.php\/2017\/10\/31\/solemniidad-de-todos-los-santos-y-conmemoracion-de-los-fieles-difuntos\/","title":{"rendered":"SOLEMNIIDAD DE TODOS LOS SANTOS Y CONMEMORACI\u00d3N DE LOS FIELES DIFUNTOS"},"content":{"rendered":"<p>Estamos preparando estos dos d\u00edas tan entra\u00f1ables para todos los cat\u00f3licos.<\/p>\n<p><img loading=\"lazy\" decoding=\"async\" class=\"aligncenter size-full wp-image-1650\" src=\"http:\/\/sanbartolomeysanjaime.es\/wp-content\/uploads\/2017\/10\/Santos-2.jpg\" alt=\"\" width=\"598\" height=\"222\" srcset=\"https:\/\/sanbartolomeysanjaime.es\/wp-content\/uploads\/2017\/10\/Santos-2.jpg 598w, https:\/\/sanbartolomeysanjaime.es\/wp-content\/uploads\/2017\/10\/Santos-2-300x111.jpg 300w\" sizes=\"(max-width: 598px) 100vw, 598px\" \/><\/p>\n<p>En primer lugar la SOLEMNIDAD DE TODOS LOS SANTOS, el d\u00eda 1 de noviembre, celebramos a toda la multitud de peregrinos que nos han precedido en la vida cristiana, y han entrado ya en el Cielo gozando de la presencia de Dios Padre, Hijo y el Esp\u00edritu Santo.<\/p>\n<p><img loading=\"lazy\" decoding=\"async\" class=\"aligncenter size-full wp-image-1651\" src=\"http:\/\/sanbartolomeysanjaime.es\/wp-content\/uploads\/2017\/10\/Santos.jpg\" alt=\"\" width=\"598\" height=\"279\" srcset=\"https:\/\/sanbartolomeysanjaime.es\/wp-content\/uploads\/2017\/10\/Santos.jpg 598w, https:\/\/sanbartolomeysanjaime.es\/wp-content\/uploads\/2017\/10\/Santos-300x140.jpg 300w\" sizes=\"(max-width: 598px) 100vw, 598px\" \/><\/p>\n<p>En segundo lugar, la CONMEMORACI\u00d3N DE TODOS LOS FIELES DIFUNTOS, el d\u00eda 2 de noviembre, d\u00eda dedicado a rezar por todos nuestro difuntos, familiares, amigos, por los que han fallecido en el \u00faltimo a\u00f1o, por los que no se acuerda nadie de pedir, por los que m\u00e1s lo necesitan, por todos.<\/p>\n<p>&nbsp;<\/p>\n<p>Pod\u00e9is ver el Horario de Misas en la agenda parroquia de esta web, y tambi\u00e9n en el enlace siguiente\u00a0\u00a0<a href=\"http:\/\/sanbartolomeysanjaime.es\/wp-content\/uploads\/2015\/09\/Ordinario-30.-Noviembre17.pdf\">Ordinario 30. Noviembre&#8217;17<\/a><\/p>\n","protected":false},"excerpt":{"rendered":"<p>Estamos preparando estos dos d\u00edas tan entra\u00f1ables para todos los cat\u00f3licos. En primer lugar la SOLEMNIDAD DE TODOS LOS SANTOS, el d\u00eda 1 de noviembre, celebramos a toda la multitud de peregrinos<a class=\"moretag\" href=\"https:\/\/sanbartolomeysanjaime.es\/index.php\/2017\/10\/31\/solemniidad-de-todos-los-santos-y-conmemoracion-de-los-fieles-difuntos\/\">Leer m\u00e1s&#8230;<\/a><\/p>\n","protected":false},"author":1,"featured_media":0,"comment_status":"closed","ping_status":"closed","sticky":false,"template":"","format":"standard","meta":{"footnotes":""},"categories":[1],"tags":[],"_links":{"self":[{"href":"https:\/\/sanbartolomeysanjaime.es\/index.php\/wp-json\/wp\/v2\/posts\/1649"}],"collection":[{"href":"https:\/\/sanbartolomeysanjaime.es\/index.php\/wp-json\/wp\/v2\/posts"}],"about":[{"href":"https:\/\/sanbartolomeysanjaime.es\/index.php\/wp-json\/wp\/v2\/types\/post"}],"author":[{"embeddable":true,"href":"https:\/\/sanbartolomeysanjaime.es\/index.php\/wp-json\/wp\/v2\/users\/1"}],"replies":[{"embeddable":true,"href":"https:\/\/sanbartolomeysanjaime.es\/index.php\/wp-json\/wp\/v2\/comments?post=1649"}],"version-history":[{"count":1,"href":"https:\/\/sanbartolomeysanjaime.es\/index.php\/wp-json\/wp\/v2\/posts\/1649\/revisions"}],"predecessor-version":[{"id":1652,"href":"https:\/\/sanbartolomeysanjaime.es\/index.php\/wp-json\/wp\/v2\/posts\/1649\/revisions\/1652"}],"wp:attachment":[{"href":"https:\/\/sanbartolomeysanjaime.es\/index.php\/wp-json\/wp\/v2\/media?parent=1649"}],"wp:term":[{"taxonomy":"category","embeddable":true,"href":"https:\/\/sanbartolomeysanjaime.es\/index.php\/wp-json\/wp\/v2\/categories?post=1649"},{"taxonomy":"post_tag","embeddable":true,"href":"https:\/\/sanbartolomeysanjaime.es\/index.php\/wp-json\/wp\/v2\/tags?post=1649"}],"curies":[{"name":"wp","href":"https:\/\/api.w.org\/{rel}","templated":true}]}}