{"id":1679,"date":"2017-12-10T08:31:45","date_gmt":"2017-12-10T07:31:45","guid":{"rendered":"http:\/\/sanbartolomeysanjaime.es\/?p=1679"},"modified":"2022-09-18T12:35:52","modified_gmt":"2022-09-18T10:35:52","slug":"caritas","status":"publish","type":"post","link":"https:\/\/sanbartolomeysanjaime.es\/index.php\/2017\/12\/10\/caritas\/","title":{"rendered":"CARITAS"},"content":{"rendered":"<p><img loading=\"lazy\" decoding=\"async\" class=\"wp-image-1624 alignleft\" src=\"http:\/\/sanbartolomeysanjaime.es\/wp-content\/uploads\/2015\/09\/caritas-parroquial-nules.jpg\" alt=\"\" width=\"292\" height=\"292\" srcset=\"https:\/\/sanbartolomeysanjaime.es\/wp-content\/uploads\/2015\/09\/caritas-parroquial-nules.jpg 774w, https:\/\/sanbartolomeysanjaime.es\/wp-content\/uploads\/2015\/09\/caritas-parroquial-nules-150x150.jpg 150w, https:\/\/sanbartolomeysanjaime.es\/wp-content\/uploads\/2015\/09\/caritas-parroquial-nules-300x300.jpg 300w, https:\/\/sanbartolomeysanjaime.es\/wp-content\/uploads\/2015\/09\/caritas-parroquial-nules-768x768.jpg 768w\" sizes=\"(max-width: 292px) 100vw, 292px\" \/><img loading=\"lazy\" decoding=\"async\" class=\"aligncenter  wp-image-1680\" src=\"http:\/\/sanbartolomeysanjaime.es\/wp-content\/uploads\/2017\/12\/A\u00f1o-2017.-Campa\u00f1a-KL.jpg\" alt=\"\" width=\"223\" height=\"315\" srcset=\"https:\/\/sanbartolomeysanjaime.es\/wp-content\/uploads\/2017\/12\/A\u00f1o-2017.-Campa\u00f1a-KL.jpg 255w, https:\/\/sanbartolomeysanjaime.es\/wp-content\/uploads\/2017\/12\/A\u00f1o-2017.-Campa\u00f1a-KL-213x300.jpg 213w\" sizes=\"(max-width: 223px) 100vw, 223px\" \/>El pr\u00f3ximo s\u00e1bado 16 de diciembre tendr\u00e1 lugar la <b>Campa\u00f1a del Kilo-Litro<\/b>, ya muy tradicional entre nosotros, que cumple su XIX edici\u00f3n. Impulsada y organizada por Tots amb Ella, los alimentos que se recogen se llevan a Caritas Parroquial, encargada de distribuirlos a las familias necesitadas.<\/p>\n<p>Se oyen comentarios y criticas que Caritas solo da a extranjeros. Nos gustar\u00eda que eso fuera verdad. Estar\u00edamos muy contentos, si esas criticas fueran verdad, pues ser\u00eda buena se\u00f1al. Pero son criticas que vienen desde la lejan\u00eda afectiva. Los que estamos \u201ca pie de tajo\u201d, sentimos tristeza, porque no pocas veces son nuestros vecinos, los que menos esperas, que est\u00e1n pasando por un mal momento.<\/p>\n<p>Tambi\u00e9n una experiencia muy bonita de Caritas que deseamos compartir es la siguiente. <b>No pocas veces las mismas personas necesitadas se hacen voluntarios de Caritas; a la vez que son ayudadas, ayudan. <\/b>Y\u2026 por supuesto, si son necesitados, aunque sean voluntarios se llevan, y tienen que llevarse su parte correspondiente al igual que otros que no sean voluntarios. Por supuesto. No por ser voluntarios tienen que dejar de recibir su parte correspondiente, al igual que los dem\u00e1s. Tal vez por eso alguien comenta que los voluntarios se llevan alimentos de Caritas. Si se los llevan, no es por ser voluntarios, sino por ser necesitados, como los dem\u00e1s.<\/p>\n<p>Aprovechamos esta ocasi\u00f3n para agradecer a todos y a cada uno la colaboraci\u00f3n, para que podamos seguir ayudando, pues como dec\u00eda San Pablo \u00abla Caridad de Cristo nos urge\u00bb.<\/p>\n<p>Gracias. Dios te bendiga.<\/p>\n<p>&nbsp;<\/p>\n","protected":false},"excerpt":{"rendered":"<p>El pr\u00f3ximo s\u00e1bado 16 de diciembre tendr\u00e1 lugar la Campa\u00f1a del Kilo-Litro, ya muy tradicional entre nosotros, que cumple su XIX edici\u00f3n. Impulsada y organizada por Tots amb Ella, los alimentos que<a class=\"moretag\" href=\"https:\/\/sanbartolomeysanjaime.es\/index.php\/2017\/12\/10\/caritas\/\">Leer m\u00e1s&#8230;<\/a><\/p>\n","protected":false},"author":1,"featured_media":0,"comment_status":"closed","ping_status":"closed","sticky":false,"template":"","format":"standard","meta":{"footnotes":""},"categories":[1],"tags":[],"_links":{"self":[{"href":"https:\/\/sanbartolomeysanjaime.es\/index.php\/wp-json\/wp\/v2\/posts\/1679"}],"collection":[{"href":"https:\/\/sanbartolomeysanjaime.es\/index.php\/wp-json\/wp\/v2\/posts"}],"about":[{"href":"https:\/\/sanbartolomeysanjaime.es\/index.php\/wp-json\/wp\/v2\/types\/post"}],"author":[{"embeddable":true,"href":"https:\/\/sanbartolomeysanjaime.es\/index.php\/wp-json\/wp\/v2\/users\/1"}],"replies":[{"embeddable":true,"href":"https:\/\/sanbartolomeysanjaime.es\/index.php\/wp-json\/wp\/v2\/comments?post=1679"}],"version-history":[{"count":1,"href":"https:\/\/sanbartolomeysanjaime.es\/index.php\/wp-json\/wp\/v2\/posts\/1679\/revisions"}],"predecessor-version":[{"id":1681,"href":"https:\/\/sanbartolomeysanjaime.es\/index.php\/wp-json\/wp\/v2\/posts\/1679\/revisions\/1681"}],"wp:attachment":[{"href":"https:\/\/sanbartolomeysanjaime.es\/index.php\/wp-json\/wp\/v2\/media?parent=1679"}],"wp:term":[{"taxonomy":"category","embeddable":true,"href":"https:\/\/sanbartolomeysanjaime.es\/index.php\/wp-json\/wp\/v2\/categories?post=1679"},{"taxonomy":"post_tag","embeddable":true,"href":"https:\/\/sanbartolomeysanjaime.es\/index.php\/wp-json\/wp\/v2\/tags?post=1679"}],"curies":[{"name":"wp","href":"https:\/\/api.w.org\/{rel}","templated":true}]}}