{"id":1898,"date":"2019-02-23T09:25:27","date_gmt":"2019-02-23T08:25:27","guid":{"rendered":"http:\/\/sanbartolomeysanjaime.es\/?p=1898"},"modified":"2022-09-18T12:35:52","modified_gmt":"2022-09-18T10:35:52","slug":"1898","status":"publish","type":"post","link":"https:\/\/sanbartolomeysanjaime.es\/index.php\/2019\/02\/23\/1898\/","title":{"rendered":"Preg\u00f3n Diocesano de Semana Santa. Nules 2019. Centenario de la Consagraci\u00f3n al Coraz\u00f3n de Jes\u00fas"},"content":{"rendered":"<p style=\"text-align: center;\"><img loading=\"lazy\" decoding=\"async\" class=\"aligncenter size-full wp-image-1899\" src=\"http:\/\/sanbartolomeysanjaime.es\/wp-content\/uploads\/2019\/02\/Logo-Parroquia-sin-fondo.png\" alt=\"\" width=\"227\" height=\"153\" \/><\/p>\n<p style=\"text-align: center;\">PROGRAMA\u00a0 &#8212;&gt;\u00a0 \u00a0<a href=\"http:\/\/sanbartolomeysanjaime.es\/wp-content\/uploads\/2019\/02\/Semana-Santa-Preg\u00f3n-Diocesano.-A\u00f1o-2019.pdf\">Semana Santa Preg\u00f3n Diocesano. A\u00f1o 2019<\/a><\/p>\n<p style=\"text-align: center;\">CARTEL\u00a0 \u00a0&#8212;&gt;\u00a0 \u00a0<a href=\"http:\/\/sanbartolomeysanjaime.es\/wp-content\/uploads\/2019\/02\/Semana-Santa-2019.-Preg\u00f3n-Diocesano.Cartel.pdf\">Semana Santa 2019. Preg\u00f3n Diocesano.Cartel<\/a><\/p>\n<p>&nbsp;<\/p>\n<p>En nuestra Parroquia de San Bartolom\u00e9 y San Jaime tenemos el gozo y el honor de acoger el Preg\u00f3n Diocesano de Semana Santa. Como un gran p\u00f3rtico nos invita a adentrarnos en los grandes misterios que el camino cuaresmal nos prepara para vivir.<\/p>\n<p>En la portada de este a\u00f1o, que celebramos el Centenario de la Consagraci\u00f3n de Espa\u00f1a al Coraz\u00f3n de Jes\u00fas, se nos hace patente el Costado abierto del Traspasado, que es la clave para entender, dec\u00eda el Papa Benedicto XVI. Su Coraz\u00f3n donde descansar, y desde la escucha de sus latidos recorrer este camino que nos conduce al amor entregado de Jes\u00fas en la cruz, como nos dice San Pablo \u201cme am\u00f3 y se entreg\u00f3 a morir por m\u00ed\u201d, por tanto que me ama particularmente, y espera una respuesta de amor.<\/p>\n<p>En el momento de su muerte esa carne se rasga, deja ver lo m\u00e1s profundo, su Coraz\u00f3n. Rasgado el pecho de Cristo encontramos su amor. El Coraz\u00f3n de Cristo se convierte as\u00ed en el s\u00edmbolo del amor redentor con que ha dado su vida.<\/p>\n<p>La contemplaci\u00f3n del \u00abcostado traspasado por la lanza\u00bb, en el que resplandece la ilimitada voluntad salv\u00edfica por parte de Dios, no puede considerarse como una forma pasajera de culto o de devoci\u00f3n: la adoraci\u00f3n del amor de Dios, que ha encontrado en el s\u00edmbolo del \u00abcoraz\u00f3n traspasado\u00bb su expresi\u00f3n hist\u00f3rico-devocional, sigue siendo imprescindible para una relaci\u00f3n viva con Dios (cf. Haurietis aquas, 62).<\/p>\n<p>Desde esta amistad de intimidad, adentr\u00e9monos al encuentro con la persona de Jesucristo, profundicemos en su amistad, trat\u00e9mosle de coraz\u00f3n a coraz\u00f3n, pues Dios tiene Coraz\u00f3n.<\/p>\n<p>Con el deseo que este camino cuaresmal y la pr\u00f3xima Semana Santa, nos ayude a dar una respuesta cada vez m\u00e1s fervorosa al amor del Coraz\u00f3n de Cristo.<\/p>\n<p><em>Esteban Badenes<\/em><\/p>\n<p><em>Cura-P\u00e1rroco<\/em><\/p>\n<p>&nbsp;<\/p>\n<p><a href=\"http:\/\/sanbartolomeysanjaime.es\/wp-content\/uploads\/2019\/02\/Semana-Santa-Preg\u00f3n-Diocesano.-A\u00f1o-2019.pdf\">Semana Santa Preg\u00f3n Diocesano. A\u00f1o 2019\u00a0<\/a><\/p>\n<p><a href=\"http:\/\/sanbartolomeysanjaime.es\/wp-content\/uploads\/2019\/02\/Semana-Santa-2019.-Preg\u00f3n-Diocesano.Cartel.pdf\">Semana Santa 2019. Preg\u00f3n Diocesano.Cartel<\/a><\/p>\n<p>&nbsp;<\/p>\n","protected":false},"excerpt":{"rendered":"<p>PROGRAMA\u00a0 &#8212;&gt;\u00a0 \u00a0Semana Santa Preg\u00f3n Diocesano. A\u00f1o 2019 CARTEL\u00a0 \u00a0&#8212;&gt;\u00a0 \u00a0Semana Santa 2019. Preg\u00f3n Diocesano.Cartel &nbsp; En nuestra Parroquia de San Bartolom\u00e9 y San Jaime tenemos el gozo y el honor de<a class=\"moretag\" href=\"https:\/\/sanbartolomeysanjaime.es\/index.php\/2019\/02\/23\/1898\/\">Leer m\u00e1s&#8230;<\/a><\/p>\n","protected":false},"author":1,"featured_media":0,"comment_status":"closed","ping_status":"closed","sticky":false,"template":"","format":"standard","meta":{"footnotes":""},"categories":[1],"tags":[],"_links":{"self":[{"href":"https:\/\/sanbartolomeysanjaime.es\/index.php\/wp-json\/wp\/v2\/posts\/1898"}],"collection":[{"href":"https:\/\/sanbartolomeysanjaime.es\/index.php\/wp-json\/wp\/v2\/posts"}],"about":[{"href":"https:\/\/sanbartolomeysanjaime.es\/index.php\/wp-json\/wp\/v2\/types\/post"}],"author":[{"embeddable":true,"href":"https:\/\/sanbartolomeysanjaime.es\/index.php\/wp-json\/wp\/v2\/users\/1"}],"replies":[{"embeddable":true,"href":"https:\/\/sanbartolomeysanjaime.es\/index.php\/wp-json\/wp\/v2\/comments?post=1898"}],"version-history":[{"count":11,"href":"https:\/\/sanbartolomeysanjaime.es\/index.php\/wp-json\/wp\/v2\/posts\/1898\/revisions"}],"predecessor-version":[{"id":1919,"href":"https:\/\/sanbartolomeysanjaime.es\/index.php\/wp-json\/wp\/v2\/posts\/1898\/revisions\/1919"}],"wp:attachment":[{"href":"https:\/\/sanbartolomeysanjaime.es\/index.php\/wp-json\/wp\/v2\/media?parent=1898"}],"wp:term":[{"taxonomy":"category","embeddable":true,"href":"https:\/\/sanbartolomeysanjaime.es\/index.php\/wp-json\/wp\/v2\/categories?post=1898"},{"taxonomy":"post_tag","embeddable":true,"href":"https:\/\/sanbartolomeysanjaime.es\/index.php\/wp-json\/wp\/v2\/tags?post=1898"}],"curies":[{"name":"wp","href":"https:\/\/api.w.org\/{rel}","templated":true}]}}