{"id":1924,"date":"2019-03-22T13:22:09","date_gmt":"2019-03-22T12:22:09","guid":{"rendered":"http:\/\/sanbartolomeysanjaime.es\/?p=1924"},"modified":"2022-09-18T12:35:52","modified_gmt":"2022-09-18T10:35:52","slug":"procesion-diocesana-de-cofradias-de-semana-santa-centenario-de-la-consagracion-al-corazon-de-jesus","status":"publish","type":"post","link":"https:\/\/sanbartolomeysanjaime.es\/index.php\/2019\/03\/22\/procesion-diocesana-de-cofradias-de-semana-santa-centenario-de-la-consagracion-al-corazon-de-jesus\/","title":{"rendered":"Procesi\u00f3n Diocesana de Cofrad\u00edas de Semana Santa. Centenario de la Consagraci\u00f3n al Coraz\u00f3n de Jes\u00fas"},"content":{"rendered":"<p><img loading=\"lazy\" decoding=\"async\" class=\"aligncenter size-full wp-image-1899\" src=\"http:\/\/sanbartolomeysanjaime.es\/wp-content\/uploads\/2019\/02\/Logo-Parroquia-sin-fondo.png\" alt=\"\" width=\"227\" height=\"153\" \/><\/p>\n<p>PROGRAMA\u00a0 &#8212;&gt;\u00a0 \u00a0\u00a0<a href=\"http:\/\/sanbartolomeysanjaime.es\/wp-content\/uploads\/2019\/03\/Procesion-Diocesana-de-Cofrad\u00edas-de-Semana-Santa.pdf\">Procesion Diocesana de Cofrad\u00edas de Semana Santa<\/a><\/p>\n<p>FECHA:\u00a0 Domingo 7 de abril, a las 18.00 h. Procesi\u00f3n Diocesana desde la iglesia de la Inmaculada por la calle mayor hasta la iglesia de la Sagrada Familia, el Convento.<\/p>\n<p>En nuestra Parroquia de San Bartolom\u00e9 y San Jaime tenemos el gozo y el honor de acoger tambi\u00e9n la Procesi\u00f3n Diocesana de Semana Santa, con la cual comenzamos la \u00faltima semana de la Cuaresma para entrar de lleno en la Semana Santa, y en ella el Triduo Pascual de la Pasi\u00f3n, Muerte y Resurrecci\u00f3n del Se\u00f1or.<\/p>\n<p>En la portada de este a\u00f1o, que celebramos el Centenario de la Consagraci\u00f3n de Espa\u00f1a al Coraz\u00f3n de Jes\u00fas, su Costado abierto nos da la llave para entrar, y que nos abre el Evangelio de una forma nueva y profunda. Se nos presenta la persona de Jesucristo Resucitado vivo, que nos muestra su Coraz\u00f3n, que nos muestra hasta donde nos ha amado. Es Jes\u00fas vivo. No es un simple amor, sino amor entregado, y es amor verdadero, que espera la respuesta de nuestra vida. Ante nuestra respuesta Jesucristo no es indiferente.<\/p>\n<p>El Coraz\u00f3n de Jes\u00fas, la Eucarist\u00eda y el Calvario son tres realidades que es lo mismo, el amor vivo entregado, por mi. Es lo que vamos a vivir en la Semana Santa, Dios nos conceda la gracia.<\/p>\n<p>San Juan, el disc\u00edpulo amado, recost\u00f3 su cabeza en el Costado de Jes\u00fas, Santo Tom\u00e1s toc\u00f3 el Costado abierto de Jes\u00fas Resucitado, Santa Margarita M\u00aa de Alacoque recost\u00f3 su cabeza en su Coraz\u00f3n, al igual que el Beato Bernardo de Hoyos. Significa conocer su Coraz\u00f3n. No se puede conocer sin tocar. Imitemos tambi\u00e9n nosotros, espiritualmente hablando, ese \u201crecostar\u201d nuestra cabeza en su Coraz\u00f3n para que nos d\u00e9 \u201cconocimiento interno de Jesucristo, para m\u00e1s amarle y seguirle\u201d. Todo bautizado es el disc\u00edpulo amado, hemos de recostar, somos invitados a recostar en su Costado, para ser de verdad cristianos.<\/p>\n<p>Adentr\u00e9monos esta Semana Santa, viv\u00e1mosla como desde ese \u201crecostar\u201d en su Coraz\u00f3n.<\/p>\n<p>&nbsp;<\/p>\n<p><em>Esteban Badenes<\/em><\/p>\n<p><em>Cura-P\u00e1rroco<\/em><\/p>\n<p>&nbsp;<\/p>\n","protected":false},"excerpt":{"rendered":"<p>PROGRAMA\u00a0 &#8212;&gt;\u00a0 \u00a0\u00a0Procesion Diocesana de Cofrad\u00edas de Semana Santa FECHA:\u00a0 Domingo 7 de abril, a las 18.00 h. Procesi\u00f3n Diocesana desde la iglesia de la Inmaculada por la calle mayor hasta la<a class=\"moretag\" href=\"https:\/\/sanbartolomeysanjaime.es\/index.php\/2019\/03\/22\/procesion-diocesana-de-cofradias-de-semana-santa-centenario-de-la-consagracion-al-corazon-de-jesus\/\">Leer m\u00e1s&#8230;<\/a><\/p>\n","protected":false},"author":1,"featured_media":0,"comment_status":"closed","ping_status":"closed","sticky":false,"template":"","format":"standard","meta":{"footnotes":""},"categories":[1],"tags":[],"_links":{"self":[{"href":"https:\/\/sanbartolomeysanjaime.es\/index.php\/wp-json\/wp\/v2\/posts\/1924"}],"collection":[{"href":"https:\/\/sanbartolomeysanjaime.es\/index.php\/wp-json\/wp\/v2\/posts"}],"about":[{"href":"https:\/\/sanbartolomeysanjaime.es\/index.php\/wp-json\/wp\/v2\/types\/post"}],"author":[{"embeddable":true,"href":"https:\/\/sanbartolomeysanjaime.es\/index.php\/wp-json\/wp\/v2\/users\/1"}],"replies":[{"embeddable":true,"href":"https:\/\/sanbartolomeysanjaime.es\/index.php\/wp-json\/wp\/v2\/comments?post=1924"}],"version-history":[{"count":3,"href":"https:\/\/sanbartolomeysanjaime.es\/index.php\/wp-json\/wp\/v2\/posts\/1924\/revisions"}],"predecessor-version":[{"id":1930,"href":"https:\/\/sanbartolomeysanjaime.es\/index.php\/wp-json\/wp\/v2\/posts\/1924\/revisions\/1930"}],"wp:attachment":[{"href":"https:\/\/sanbartolomeysanjaime.es\/index.php\/wp-json\/wp\/v2\/media?parent=1924"}],"wp:term":[{"taxonomy":"category","embeddable":true,"href":"https:\/\/sanbartolomeysanjaime.es\/index.php\/wp-json\/wp\/v2\/categories?post=1924"},{"taxonomy":"post_tag","embeddable":true,"href":"https:\/\/sanbartolomeysanjaime.es\/index.php\/wp-json\/wp\/v2\/tags?post=1924"}],"curies":[{"name":"wp","href":"https:\/\/api.w.org\/{rel}","templated":true}]}}